{"id":9030,"date":"2023-06-06T09:59:06","date_gmt":"2023-06-06T09:59:06","guid":{"rendered":"https:\/\/www.perron-rigot.org\/le-melanome-en-questions\/"},"modified":"2024-02-20T11:11:31","modified_gmt":"2024-02-20T11:11:31","slug":"le-melanome-en-questions","status":"publish","type":"post","link":"https:\/\/www.perron-rigot.org\/fr\/le-melanome-en-questions\/","title":{"rendered":"Le m\u00e9lanome en questions"},"content":{"rendered":"<div class=\"wp-block-columns is-layout-flex wp-container-core-columns-is-layout-1 wp-block-columns-is-layout-flex\"><div class=\"wp-block-column is-layout-flow wp-block-column-is-layout-flow\"><h2 class=\"wp-block-heading\">Mai est le mois de la sensibilisation au cancer de la peau<\/h2><\/div><\/div><div class=\"wp-block-columns is-layout-flex wp-container-core-columns-is-layout-2 wp-block-columns-is-layout-flex\"><div class=\"wp-block-column is-layout-flow wp-block-column-is-layout-flow\"><p>Les averses d&#8217;avril apportent peut-\u00eatre les fleurs de mai, mais <strong>le mois de mai est aussi le mois de la <u> sensibilisation au cancer <em>de<\/em> la peau<\/u><em> <\/em><\/strong>.  <\/p>\n\n<p>En tant qu&#8217;esth\u00e9ticiennes, <strong>nous devons respecter des r\u00e8gles strictes lorsqu&#8217;il s&#8217;agit de traiter nos clients<\/strong>. Les lois varient d&#8217;un \u00c9tat \u00e0 l&#8217;autre, mais ce qui est clair, c&#8217;est que nous <em>ne devons pas <\/em>diagnostiquer, prescrire ou traiter les couches inf\u00e9rieures \u00e0 l&#8217;\u00e9piderme.  <\/p><\/div><\/div><div class=\"wp-block-columns is-layout-flex wp-container-core-columns-is-layout-3 wp-block-columns-is-layout-flex\"><div class=\"wp-block-column is-layout-flow wp-block-column-is-layout-flow\"><figure class=\"wp-block-image size-full\"><img loading=\"lazy\" decoding=\"async\" width=\"600\" height=\"600\" src=\"\/wp-content\/uploads\/2023\/06\/Why_waxing__2.jpeg\" alt=\"M&#xE9;lanome\" class=\"wp-image-7315\" srcset=\"https:\/\/i0.wp.com\/www.perron-rigot.org\/wp-content\/uploads\/2023\/06\/Why_waxing__2.jpeg?w=600&amp;ssl=1 600w, https:\/\/i0.wp.com\/www.perron-rigot.org\/wp-content\/uploads\/2023\/06\/Why_waxing__2.jpeg?resize=300%2C300&amp;ssl=1 300w, https:\/\/i0.wp.com\/www.perron-rigot.org\/wp-content\/uploads\/2023\/06\/Why_waxing__2.jpeg?resize=100%2C100&amp;ssl=1 100w, https:\/\/i0.wp.com\/www.perron-rigot.org\/wp-content\/uploads\/2023\/06\/Why_waxing__2.jpeg?resize=50%2C50&amp;ssl=1 50w\" sizes=\"(max-width: 600px) 100vw, 600px\" \/><\/figure><\/div>\n\n<div class=\"wp-block-column is-layout-flow wp-block-column-is-layout-flow\"><p>Cependant, nous exer\u00e7ons une profession unique. Hormis les m\u00e9decins, <strong>nous faisons partie des quelques professions qui auront un contact physique avec nos clients et qui verront peut-\u00eatre un client se d\u00e9shabiller<\/strong>. Cela implique une responsabilit\u00e9 qui peut inclure l&#8217;empathie, le professionnalisme et l&#8217;observation et le traitement de la peau dans le cadre de notre champ d&#8217;activit\u00e9. Lorsque nous constatons une affection cutan\u00e9e n\u00e9cessitant une intervention m\u00e9dicale, nous avons la responsabilit\u00e9 d&#8217;en informer le client.  <\/p><\/div><\/div><div style=\"height:30px\" aria-hidden=\"true\" class=\"wp-block-spacer\"><\/div><div class=\"wp-block-columns is-layout-flex wp-container-core-columns-is-layout-4 wp-block-columns-is-layout-flex\"><div class=\"wp-block-column is-layout-flow wp-block-column-is-layout-flow\"><h2 class=\"wp-block-heading\">Pr\u00e9parer la peau avant l&#8217;\u00e9pilation<\/h2><\/div><\/div><div class=\"wp-block-columns is-layout-flex wp-container-core-columns-is-layout-5 wp-block-columns-is-layout-flex\"><div class=\"wp-block-column is-layout-flow wp-block-column-is-layout-flow\"><p>Pour les services d&#8217;\u00e9pilation \u00e0 la cire Cir\u00e9pil, il est <strong>important de pr\u00e9parer la peau avant l&#8217;\u00e9pilation<\/strong>. La premi\u00e8re \u00e9tape consiste \u00e0 nettoyer et \u00e0 pr\u00e9parer la peau avec la <a href=\"https:\/\/www.perron-rigot.us\/pre-post\/cleanse-prepare\/#1228\" target=\"_blank\" rel=\"noopener\">Lotion bleue purifiante<\/a> et l&#8217;<a href=\"https:\/\/www.perron-rigot.us\/pre-post\/cleanse-prepare\/vp17004-cirepil-pre-post-depilatory-oil-845oz\/#2044\" target=\"_blank\" rel=\"noopener\">Huile pr\u00e9-d\u00e9pilatoire<\/a> <a href=\"https:\/\/www.perron-rigot.us\/pre-post\/cleanse-prepare\/#1228\" target=\"_blank\" rel=\"noopener\">Cirepil<\/a> avant l&#8217;\u00e9pilation.<\/p><\/div><\/div><div class=\"wp-block-columns is-layout-flex wp-container-core-columns-is-layout-6 wp-block-columns-is-layout-flex\"><div class=\"wp-block-column is-layout-flow wp-block-column-is-layout-flow\"><figure class=\"wp-block-image size-full\"><img loading=\"lazy\" decoding=\"async\" width=\"1080\" height=\"1080\" src=\"\/wp-content\/uploads\/2023\/06\/Lotionbleue.jpeg\" alt=\"lotion bleue\" class=\"wp-image-7318\" srcset=\"https:\/\/i0.wp.com\/www.perron-rigot.org\/wp-content\/uploads\/2023\/06\/Lotionbleue.jpeg?w=1080&amp;ssl=1 1080w, https:\/\/i0.wp.com\/www.perron-rigot.org\/wp-content\/uploads\/2023\/06\/Lotionbleue.jpeg?resize=768%2C768&amp;ssl=1 768w, https:\/\/i0.wp.com\/www.perron-rigot.org\/wp-content\/uploads\/2023\/06\/Lotionbleue.jpeg?resize=300%2C300&amp;ssl=1 300w, https:\/\/i0.wp.com\/www.perron-rigot.org\/wp-content\/uploads\/2023\/06\/Lotionbleue.jpeg?resize=660%2C660&amp;ssl=1 660w, https:\/\/i0.wp.com\/www.perron-rigot.org\/wp-content\/uploads\/2023\/06\/Lotionbleue.jpeg?resize=100%2C100&amp;ssl=1 100w, https:\/\/i0.wp.com\/www.perron-rigot.org\/wp-content\/uploads\/2023\/06\/Lotionbleue.jpeg?resize=50%2C50&amp;ssl=1 50w\" sizes=\"(max-width: 1020px) 100vw, 1020px\" \/><\/figure><\/div>\n\n<div class=\"wp-block-column is-layout-flow wp-block-column-is-layout-flow\"><p><strong>Cette \u00e9tape est tr\u00e8s importante pour garantir l&#8217;efficacit\u00e9 et le confort du service d&#8217;\u00e9pilation \u00e0 la cire.<\/strong>  \u00c0 ce stade, tout en pr\u00e9parant la peau, nous \u00e9valuons probablement la peau et recherchons des contre-indications qui auraient pu \u00eatre oubli\u00e9es lors de la consultation. Nous pouvons \u00e9galement noter la direction de la pousse des poils ou la pr\u00e9sence de grains de beaut\u00e9 \u00e0 \u00e9viter lors de l&#8217;\u00e9pilation \u00e0 la cire. En outre, nous devrions remarquer toute anomalie cutan\u00e9e suspecte, et orienter le client vers un m\u00e9decin si n\u00e9cessaire. La conversation doit rester calme et d\u00e9contract\u00e9e, sans \u00eatre alarmante ou effrayante. Le client suivra vos conseils et vous sauverez peut-\u00eatre une vie, surtout en ce qui concerne le cancer de la peau. Pour \u00eatre clair, nous ne proc\u00e9dons pas \u00e0 des contr\u00f4les du cancer de la peau.  <strong>Mais en tant qu&#8217;esth\u00e9ticiennes, nous observons attentivement la peau et remarquons les irr\u00e9gularit\u00e9s, les affections ou les maladies, y compris les grains de beaut\u00e9 qui pourraient \u00eatre canc\u00e9reux. Nous nous adressons alors \u00e0 un Dr.<\/strong><\/p><\/div><\/div><div class=\"wp-block-columns is-layout-flex wp-container-core-columns-is-layout-7 wp-block-columns-is-layout-flex\"><div class=\"wp-block-column is-layout-flow wp-block-column-is-layout-flow\"><p>Il existe trois types de cancer de la peau : le cancer basocellulaire, le cancer spinocellulaire et le plus grave, le m\u00e9lanome. Dans les cas de m\u00e9lanome, les cellules connues sous le nom de m\u00e9lanocytes se d\u00e9veloppent de mani\u00e8re incontr\u00f4l\u00e9e. Bien que le m\u00e9lanome soit moins fr\u00e9quent que le carcinome basocellulaire et le carcinome spinocellulaire, il est plus dangereux en raison de sa capacit\u00e9 \u00e0 se propager \u00e0 d&#8217;autres organes. Ces trois cancers de la peau peuvent se pr\u00e9senter sous des formes, des couleurs et des tailles diff\u00e9rentes et n\u00e9cessitent tous une attention m\u00e9dicale.<\/p><\/div><\/div><div style=\"height:30px\" aria-hidden=\"true\" class=\"wp-block-spacer\"><\/div><div class=\"wp-block-columns is-layout-flex wp-container-core-columns-is-layout-8 wp-block-columns-is-layout-flex\"><div class=\"wp-block-column is-layout-flow wp-block-column-is-layout-flow\"><h2 class=\"wp-block-heading\">Sensibilisez vos clients \u00e0 la d\u00e9tection du cancer de la peau par ABCDE<\/h2><\/div><\/div><div class=\"wp-block-columns is-layout-flex wp-container-core-columns-is-layout-9 wp-block-columns-is-layout-flex\"><div class=\"wp-block-column is-layout-flow wp-block-column-is-layout-flow\"><p><strong>Sensibilisez vos clients \u00e0 l&#8217;importance de pr\u00e9voir un contr\u00f4le <em>annuel<\/em> du cancer de<\/strong> la peau et d&#8217;utiliser les <strong>ABCDE <\/strong>pour la d\u00e9tection du cancer de la peau sur le site<strong> <\/strong>.<\/p>\n\n<p><strong>Asym\u00e9trique &#8211;<\/strong>les grains de beaut\u00e9 ont un aspect asym\u00e9trique.<\/p>\n\n<p>Bordures <strong>&#8211;<\/strong>les bordures des grains de beaut\u00e9 sont irr\u00e9guli\u00e8res, mal d\u00e9finies, mais plut\u00f4t floues ou irr\u00e9guli\u00e8res.<\/p>\n\n<p><strong>Couleur &#8211; le<\/strong>grain de beaut\u00e9 contient plusieurs couleurs ou diff\u00e9rentes nuances d&#8217;une m\u00eame couleur.<\/p>\n\n<p><strong>Diam\u00e8tre &#8211;<\/strong>un grain de beaut\u00e9 plus grand qu&#8217;une gomme \u00e0 crayon ou qu&#8217;un quart de pouce, mais certains sont plus petits.<\/p>\n\n<p><strong>\u00c9volution &#8211;<\/strong>le grain de beaut\u00e9 change de forme, de taille ou de couleur au fil du temps.<\/p><\/div><\/div><div class=\"wp-block-columns is-layout-flex wp-container-core-columns-is-layout-10 wp-block-columns-is-layout-flex\"><div class=\"wp-block-column is-layout-flow wp-block-column-is-layout-flow\"><figure class=\"wp-block-image size-full is-resized\"><img loading=\"lazy\" decoding=\"async\" width=\"540\" height=\"256\" src=\"\/wp-content\/uploads\/2023\/06\/Copy_of_Untitled_2.png\" alt=\"\" class=\"wp-image-7319\" style=\"width:839px;height:398px\" srcset=\"https:\/\/i0.wp.com\/www.perron-rigot.org\/wp-content\/uploads\/2023\/06\/Copy_of_Untitled_2.png?w=540&amp;ssl=1 540w, https:\/\/i0.wp.com\/www.perron-rigot.org\/wp-content\/uploads\/2023\/06\/Copy_of_Untitled_2.png?resize=300%2C142&amp;ssl=1 300w\" sizes=\"(max-width: 540px) 100vw, 540px\" \/><\/figure><\/div><\/div><div class=\"wp-block-columns is-layout-flex wp-container-core-columns-is-layout-11 wp-block-columns-is-layout-flex\"><div class=\"wp-block-column is-layout-flow wp-block-column-is-layout-flow\"><p>Outre la d\u00e9tection pr\u00e9coce, la pr\u00e9vention est essentielle. <strong>Prot\u00e9gez votre peau des rayons UV<\/strong> en appliquant un \u00e9cran solaire, m\u00eame en hiver, les jours d&#8217;ombre et surtout si vous \u00eates devant un ordinateur. Les rayons UV de la lumi\u00e8re bleue peuvent endommager la peau et provoquer un vieillissement pr\u00e9matur\u00e9. Recherchez l&#8217;ombre, portez des lunettes de soleil prot\u00e9geant des UV et un chapeau \u00e0 large bord.<\/p>\n\n<p><strong>La sensibilisation permet de sauver des vies. Faites passer le message et encouragez vos clients \u00e0 prendre rendez-vous pour un examen de la peau !<\/strong><\/p>\n\n<p>Plus d&#8217;informations :<\/p>\n\n<p><a href=\"https:\/\/www.newswise.com\/legacy\/image.php?image=\/images\/uploads\/2014\/05\/1\/How_to_SPOT_Skin_Cancer_Infographic.jpg&amp;width=600&amp;height=600\" target=\"_blank\" rel=\"noopener\"><u><em>Comment rep\u00e9rer un cancer de la peau.<\/em><\/u><\/a><\/p>\n\n<p><a href=\"https:\/\/images.ctfassets.net\/1ny4yoiyrqia\/5FqtzHdRe6VzkXlwUAOGkO\/8df3fe9d3224e84465fe95704574a01a\/Do-You-Use-Protection-Infographic.png\" target=\"_blank\" rel=\"noopener\"><u><em>Utilisez-vous une protection ? Voici pourquoi vous devriez le faire :<\/em><\/u><\/a><\/p>\n\n<p><a href=\"https:\/\/www.aad.org\/\" target=\"_blank\" rel=\"noopener\"><em><u>Site officiel de l&#8217;aad.  <\/u><\/em><\/a><\/p><\/div><\/div><div class=\"wp-block-columns is-layout-flex wp-container-core-columns-is-layout-12 wp-block-columns-is-layout-flex\"><div class=\"wp-block-column is-layout-flow wp-block-column-is-layout-flow\"><p><em>Article r\u00e9dig\u00e9 par <a href=\"https:\/\/www.linkedin.com\/in\/amy-cali-vanaelst-le-a98b1a2a\/\" target=\"_blank\" rel=\"noopener\">Cali VanAelst,<\/a> directeur national de la formation chez Perron Rigot Inc. le 19 mai 2021.<\/em><\/p><\/div><\/div>","protected":false},"excerpt":{"rendered":"<p>Mai est le mois de la sensibilisation au cancer de la peau Les averses d&#8217;avril apportent peut-\u00eatre les fleurs de mai, mais le mois de mai est aussi le mois de la sensibilisation au cancer de la peau . En tant qu&#8217;esth\u00e9ticiennes, nous devons respecter des r\u00e8gles strictes lorsqu&#8217;il s&#8217;agit de traiter nos clients. Les&#8230;<\/p>","protected":false},"author":1,"featured_media":8666,"comment_status":"closed","ping_status":"open","sticky":false,"template":"","format":"standard","meta":{"_jetpack_memberships_contains_paid_content":false,"footnotes":""},"categories":[79],"tags":[],"class_list":["post-9030","post","type-post","status-publish","format-standard","has-post-thumbnail","hentry","category-blog"],"jetpack_sharing_enabled":true,"jetpack_featured_media_url":"https:\/\/i0.wp.com\/www.perron-rigot.org\/wp-content\/uploads\/2023\/06\/Melanoma-Matters.jpeg?fit=1500%2C1000&ssl=1","_links":{"self":[{"href":"https:\/\/www.perron-rigot.org\/fr\/wp-json\/wp\/v2\/posts\/9030"}],"collection":[{"href":"https:\/\/www.perron-rigot.org\/fr\/wp-json\/wp\/v2\/posts"}],"about":[{"href":"https:\/\/www.perron-rigot.org\/fr\/wp-json\/wp\/v2\/types\/post"}],"author":[{"embeddable":true,"href":"https:\/\/www.perron-rigot.org\/fr\/wp-json\/wp\/v2\/users\/1"}],"replies":[{"embeddable":true,"href":"https:\/\/www.perron-rigot.org\/fr\/wp-json\/wp\/v2\/comments?post=9030"}],"version-history":[{"count":1,"href":"https:\/\/www.perron-rigot.org\/fr\/wp-json\/wp\/v2\/posts\/9030\/revisions"}],"predecessor-version":[{"id":9031,"href":"https:\/\/www.perron-rigot.org\/fr\/wp-json\/wp\/v2\/posts\/9030\/revisions\/9031"}],"wp:featuredmedia":[{"embeddable":true,"href":"https:\/\/www.perron-rigot.org\/fr\/wp-json\/wp\/v2\/media\/8666"}],"wp:attachment":[{"href":"https:\/\/www.perron-rigot.org\/fr\/wp-json\/wp\/v2\/media?parent=9030"}],"wp:term":[{"taxonomy":"category","embeddable":true,"href":"https:\/\/www.perron-rigot.org\/fr\/wp-json\/wp\/v2\/categories?post=9030"},{"taxonomy":"post_tag","embeddable":true,"href":"https:\/\/www.perron-rigot.org\/fr\/wp-json\/wp\/v2\/tags?post=9030"}],"curies":[{"name":"wp","href":"https:\/\/api.w.org\/{rel}","templated":true}]}}